[{"@context":"https:\/\/schema.org\/","@type":"Article","@id":"https:\/\/www.qsz.cz\/kdyz-vam-ridicsky-prukaz-nestaci\/#Article","mainEntityOfPage":"https:\/\/www.qsz.cz\/kdyz-vam-ridicsky-prukaz-nestaci\/","headline":"Kdy\u017e V\u00e1m \u0159idi\u010dsk\u00fd pr\u016fkaz nesta\u010d\u00ed","name":"Kdy\u017e V\u00e1m \u0159idi\u010dsk\u00fd pr\u016fkaz nesta\u010d\u00ed","description":"M\u00e1te \u0159idi\u010dsk\u00fd pr\u016fkaz, v gar\u00e1\u017ei V\u00e1m stoj\u00ed automobil a motocykl, ve voln\u00fdch chv\u00edl\u00edch tyto stroje st\u0159\u00edd\u00e1te s j\u00edzdou na kole?&hellip; ","datePublished":"2025-08-28","dateModified":"2025-08-28","author":{"@type":"Person","@id":"https:\/\/www.qsz.cz\/author\/#Person","name":"qsz.cz\n","url":"https:\/\/www.qsz.cz\/author\/","identifier":1,"image":{"@type":"ImageObject","@id":"https:\/\/secure.gravatar.com\/avatar\/d61351daa6b4b113e92ed2d39ca84063b8a3419e3b611b82557c5b9e6ade1cef?s=96&d=mm&r=g","url":"https:\/\/secure.gravatar.com\/avatar\/d61351daa6b4b113e92ed2d39ca84063b8a3419e3b611b82557c5b9e6ade1cef?s=96&d=mm&r=g","height":96,"width":96}},"publisher":{"@type":"Organization","name":"qsz.cz","logo":{"@type":"ImageObject","@id":"\/logo.png","url":"\/logo.png","width":600,"height":60}},"url":"https:\/\/www.qsz.cz\/kdyz-vam-ridicsky-prukaz-nestaci\/","wordCount":239,"articleBody":"M\u00e1te \u0159idi\u010dsk\u00fd pr\u016fkaz, v gar\u00e1\u017ei V\u00e1m stoj\u00ed automobil a motocykl, ve voln\u00fdch chv\u00edl\u00edch tyto stroje st\u0159\u00edd\u00e1te s j\u00edzdou na kole? Jste prost\u011b ten typ \u010dlov\u011bka, kter\u00fd nevydr\u017e\u00ed na jednom m\u00edst\u011b, kter\u00fd miluje \u0159\u00edzen\u00ed a rychlou j\u00edzdu? Pro\u010d se tedy omezovat jen na j\u00edzdu na pevnin\u011b, pro\u010d si neslo\u017eit i kapit\u00e1nsk\u00e9 zkou\u0161ky? V na\u0161em \u0161kol\u00edc\u00edm st\u0159edisku m\u016f\u017eete z\u00edskat toto opr\u00e1vn\u011bn\u00ed, jeho\u017e p\u0159esn\u00fd n\u00e1zev zn\u00ed Mezin\u00e1rodn\u00ed v\u016fdce mal\u00e9ho plavidla. A pak si ji\u017e m\u016f\u017eete s hrdost\u00ed koupit i n\u00e1mo\u0159nick\u00e9 tri\u010dko a \u010depici. Co tedy budete \u0159\u00eddit? A m\u00e1te ji\u017e jasno v tom, co vlastn\u011b budete na vod\u011b \u0159\u00eddit? Pokud slo\u017e\u00edte zkou\u0161ku VMP, m\u016f\u017eete \u0159\u00eddit plavidlo, kter\u00e9 je dlouh\u00e9 maxim\u00e1ln\u011b 20 metr\u016f a na jeho\u017e palub\u011b m\u016f\u017ee b\u00fdt nejv\u00edce 12 osob. V\u011bzte, \u017ee i takov\u00fdch rozm\u011br\u016f mohou dosahovat po\u0159\u00e1dn\u00e9 motorov\u00e9 nafukovac\u00ed \u010dluny, kter\u00fdch m\u00e1me pro V\u00e1s v nab\u00eddce celou \u0159adu. A nevyberete-li si z nich \u017e\u00e1dn\u00fd, zkuste rovnou lo\u010f, t\u0159eba tu od firmy Blesser, kter\u00e1 uveze a\u017e 8 osob. Jej\u00ed v\u00fdhody ocen\u00ed jak ryb\u00e1\u0159i, tak v\u00edce\u010detn\u00e9 rodiny, kter\u00e9 cht\u011bj\u00ed vyrazit za dobrodru\u017estv\u00edm. Nezapome\u0148te v\u0161ak koupit i dostate\u010dn\u00fd po\u010det z\u00e1chrann\u00fdch vest.                                                                                                                                                                                                                                                                                                                                                                                                "},{"@context":"https:\/\/schema.org\/","@type":"BreadcrumbList","itemListElement":[{"@type":"ListItem","position":1,"name":"Kdy\u017e V\u00e1m \u0159idi\u010dsk\u00fd pr\u016fkaz nesta\u010d\u00ed","item":"https:\/\/www.qsz.cz\/kdyz-vam-ridicsky-prukaz-nestaci\/#breadcrumbitem"}]}]