[{"@context":"https:\/\/schema.org\/","@type":"Article","@id":"https:\/\/www.qsz.cz\/vyresime-napadite-jeden-detsky-pokojik-pro-dve-deti\/#Article","mainEntityOfPage":"https:\/\/www.qsz.cz\/vyresime-napadite-jeden-detsky-pokojik-pro-dve-deti\/","headline":"Vy\u0159e\u0161\u00edme n\u00e1padit\u011b jeden d\u011btsk\u00fd pokoj\u00edk pro dv\u011b d\u011bti","name":"Vy\u0159e\u0161\u00edme n\u00e1padit\u011b jeden d\u011btsk\u00fd pokoj\u00edk pro dv\u011b d\u011bti","description":"Za\u0159\u00edd\u00edme byt pro sou\u017eit\u00ed dvou rodin M\u00e1te prosbu na na\u0161e n\u00e1vrh\u00e1\u0159e? Chcete m\u00edt nov\u00fd, p\u011bkn\u00fd d\u011btsk\u00fd pokoj\u00ed\u010dek? \u017de p\u0159ed\u011bl\u00e1v\u00e1te i&hellip; ","datePublished":"2025-02-12","dateModified":"2025-02-12","author":{"@type":"Person","@id":"https:\/\/www.qsz.cz\/author\/#Person","name":"qsz.cz\n","url":"https:\/\/www.qsz.cz\/author\/","identifier":1,"image":{"@type":"ImageObject","@id":"https:\/\/secure.gravatar.com\/avatar\/d61351daa6b4b113e92ed2d39ca84063b8a3419e3b611b82557c5b9e6ade1cef?s=96&d=mm&r=g","url":"https:\/\/secure.gravatar.com\/avatar\/d61351daa6b4b113e92ed2d39ca84063b8a3419e3b611b82557c5b9e6ade1cef?s=96&d=mm&r=g","height":96,"width":96}},"publisher":{"@type":"Organization","name":"qsz.cz","logo":{"@type":"ImageObject","@id":"\/logo.png","url":"\/logo.png","width":600,"height":60}},"url":"https:\/\/www.qsz.cz\/vyresime-napadite-jeden-detsky-pokojik-pro-dve-deti\/","wordCount":205,"articleBody":"Za\u0159\u00edd\u00edme byt pro sou\u017eit\u00ed dvou rodinM\u00e1te prosbu na na\u0161e n\u00e1vrh\u00e1\u0159e? Chcete m\u00edt nov\u00fd, p\u011bkn\u00fd d\u011btsk\u00fd pokoj\u00ed\u010dek? \u017de p\u0159ed\u011bl\u00e1v\u00e1te i kuchy\u0148? A vestav\u011bn\u00e9 sk\u0159\u00edn\u011b by se tak\u00e9 hodily, jen nev\u00edte, kam s nimi a jak\u00e9? No to u\u017e je p\u011bkn\u00e1 zak\u00e1zka, n\u00e1vrhy interi\u00e9r\u016f skoro cel\u00e9ho bytu.Za\u0159\u00edd\u00edme byt pro sou\u017eit\u00ed dvou rodinA kdy\u017e u\u017e budou u v\u00e1s doma, zkontroluj\u00ed v\u0161echno ostatn\u00ed a t\u0159eba v\u00e1m vnuknou i jin\u00e9 dobr\u00e9 n\u00e1pady, jak l\u00e9pe bydlet. N\u00e1vrhy interi\u00e9r\u016f budou brzy na pap\u00edru. U\u017e se nem\u016f\u017eete do\u010dkat, a\u017e budou i skute\u010dn\u00e9.Nov\u00e9 bydlen\u00edPo p\u0159em\u011bn\u011b va\u0161eho bytu m\u016f\u017eete poslat proces p\u0159erodu va\u0161eho bytu do m\u00e9di\u00ed pod n\u00e1zvem P\u0159ed a po. Je to jist\u011b diametr\u00e1ln\u00ed rozd\u00edl, skoro jako v po\u0159adu Jak se stav\u00ed sen. M\u00e1te radost, \u017ee jste si ty n\u00e1vrhy interi\u00e9r\u016f netroufli d\u011blat sami. V ka\u017ed\u00e9m p\u0159\u00edpad\u011b to byla dobr\u00e1 investice, kter\u00e1 v\u00e1m p\u0159inesla nejeden dobr\u00fd n\u00e1pad.                                                                                                                                                                                                                                                                                                                                                                                        3\/5 - (2 votes)        "},{"@context":"https:\/\/schema.org\/","@type":"BreadcrumbList","itemListElement":[{"@type":"ListItem","position":1,"name":"Vy\u0159e\u0161\u00edme n\u00e1padit\u011b jeden d\u011btsk\u00fd pokoj\u00edk pro dv\u011b d\u011bti","item":"https:\/\/www.qsz.cz\/vyresime-napadite-jeden-detsky-pokojik-pro-dve-deti\/#breadcrumbitem"}]}]